{"id":58,"date":"2022-12-01T17:38:30","date_gmt":"2022-12-01T16:38:30","guid":{"rendered":"http:\/\/www.auberge-etable.com\/?p=58"},"modified":"2024-06-11T14:11:21","modified_gmt":"2024-06-11T12:11:21","slug":"forfait-seminaire-semi-residentiel","status":"publish","type":"post","link":"https:\/\/www.auberge-etable.com\/es\/forfait-seminaire-semi-residentiel\/","title":{"rendered":"Paquete de seminario semirresidencial"},"content":{"rendered":"<p><\/p>\n<h2>Paquete de seminario semirresidencial<\/h2>\n<p>\u00b7 Caf\u00e9 de bienvenida<br \/>\n\u00b7 Alquiler de sal\u00f3n equipado<br \/>\n\u00b7 2 descansos (caf\u00e9, zumo de frutas, pasteler\u00eda vienesa)<br \/>\n\u00b7 1 comida (entrante + plato principal + postre + vino y caf\u00e9)<br \/>\n\u00b7 1 habitaci\u00f3n + desayuno<\/p>","protected":false},"excerpt":{"rendered":"<p>Paquete de seminario semirresidencial \u00b7 Caf\u00e9 de bienvenida \u00b7 Alquiler de sal\u00f3n equipado \u00b7 2 descansos (caf\u00e9, zumo de frutas, pasteler\u00eda vienesa) \u00b7 1 comida (entrante + plato principal + postre + vino y caf\u00e9) \u00b7 1 habitaci\u00f3n + desayuno<\/p>\n","protected":false},"author":1,"featured_media":0,"comment_status":"closed","ping_status":"closed","sticky":false,"template":"","format":"standard","meta":{"footnotes":""},"categories":[6],"tags":[],"class_list":["post-58","post","type-post","status-publish","format-standard","hentry","category-seminaires"],"yoast_head":"<!-- This site is optimized with the Yoast SEO plugin v27.5 - https:\/\/yoast.com\/product\/yoast-seo-wordpress\/ -->\n<title>Paquete de seminario semirresidencial - Hotel restaurant Pays Basque - Auberge de l&#039;\u00e9table Pays Basque<\/title>\n<meta name=\"description\" content=\"Forfait s\u00e9minaire semi-r\u00e9sidentiel \u00b7 Caf\u00e9 d\u2019accueil \u00b7 Location salon am\u00e9nag\u00e9 \u00b7 2 pauses (caf\u00e9, jus de fruits, viennoiseries) \u00b7 1 repas (entr\u00e9e + plat +\" \/>\n<meta name=\"robots\" content=\"index, follow, max-snippet:-1, max-image-preview:large, max-video-preview:-1\" \/>\n<link rel=\"canonical\" href=\"https:\/\/www.auberge-etable.com\/es\/forfait-seminaire-semi-residentiel\/\" \/>\n<meta property=\"og:locale\" content=\"es_ES\" \/>\n<meta property=\"og:type\" content=\"article\" \/>\n<meta property=\"og:title\" content=\"Paquete de seminario semirresidencial - Hotel restaurant Pays Basque - Auberge de l&#039;\u00e9table Pays Basque\" \/>\n<meta property=\"og:description\" content=\"Forfait s\u00e9minaire semi-r\u00e9sidentiel \u00b7 Caf\u00e9 d\u2019accueil \u00b7 Location salon am\u00e9nag\u00e9 \u00b7 2 pauses (caf\u00e9, jus de fruits, viennoiseries) \u00b7 1 repas (entr\u00e9e + plat +\" \/>\n<meta property=\"og:url\" content=\"https:\/\/www.auberge-etable.com\/forfait-seminaire-semi-residentiel\/\" \/>\n<meta property=\"og:site_name\" content=\"Hotel restaurant Pays Basque - Auberge de l&#039;\u00e9table Pays Basque\" \/>\n<meta property=\"article:published_time\" content=\"2022-12-01T16:38:30+00:00\" \/>\n<meta property=\"article:modified_time\" content=\"2024-06-11T12:11:21+00:00\" \/>\n<meta name=\"author\" content=\"Agence digitale\" \/>\n<meta name=\"twitter:card\" content=\"summary_large_image\" \/>\n<meta name=\"twitter:label1\" content=\"Escrito por\" \/>\n\t<meta name=\"twitter:data1\" content=\"Agence digitale\" \/>\n\t<meta name=\"twitter:label2\" content=\"Tiempo de lectura\" \/>\n\t<meta name=\"twitter:data2\" content=\"1 minuto\" \/>\n<script type=\"application\/ld+json\" class=\"yoast-schema-graph\">{\"@context\":\"https:\\\/\\\/schema.org\",\"@graph\":[{\"@type\":\"Article\",\"@id\":\"https:\\\/\\\/www.auberge-etable.com\\\/forfait-seminaire-semi-residentiel\\\/#article\",\"isPartOf\":{\"@id\":\"https:\\\/\\\/www.auberge-etable.com\\\/forfait-seminaire-semi-residentiel\\\/\"},\"author\":{\"name\":\"Agence digitale\",\"@id\":\"https:\\\/\\\/www.auberge-etable.com\\\/#\\\/schema\\\/person\\\/4d2092b98695f4fcdadedfc797fabfff\"},\"headline\":\"Paquete de seminario semirresidencial\",\"datePublished\":\"2022-12-01T16:38:30+00:00\",\"dateModified\":\"2024-06-11T12:11:21+00:00\",\"mainEntityOfPage\":{\"@id\":\"https:\\\/\\\/www.auberge-etable.com\\\/forfait-seminaire-semi-residentiel\\\/\"},\"wordCount\":74,\"articleSection\":[\"Seminarios\"],\"inLanguage\":\"es\"},{\"@type\":\"WebPage\",\"@id\":\"https:\\\/\\\/www.auberge-etable.com\\\/forfait-seminaire-semi-residentiel\\\/\",\"url\":\"https:\\\/\\\/www.auberge-etable.com\\\/forfait-seminaire-semi-residentiel\\\/\",\"name\":\"Paquete de seminario semirresidencial - Hotel restaurant Pays Basque - Auberge de l&#039;\u00e9table Pays Basque\",\"isPartOf\":{\"@id\":\"https:\\\/\\\/www.auberge-etable.com\\\/#website\"},\"datePublished\":\"2022-12-01T16:38:30+00:00\",\"dateModified\":\"2024-06-11T12:11:21+00:00\",\"author\":{\"@id\":\"https:\\\/\\\/www.auberge-etable.com\\\/#\\\/schema\\\/person\\\/4d2092b98695f4fcdadedfc797fabfff\"},\"description\":\"Forfait s\u00e9minaire semi-r\u00e9sidentiel \u00b7 Caf\u00e9 d\u2019accueil \u00b7 Location salon am\u00e9nag\u00e9 \u00b7 2 pauses (caf\u00e9, jus de fruits, viennoiseries) \u00b7 1 repas (entr\u00e9e + plat +\",\"inLanguage\":\"es\",\"potentialAction\":[{\"@type\":\"ReadAction\",\"target\":[\"https:\\\/\\\/www.auberge-etable.com\\\/forfait-seminaire-semi-residentiel\\\/\"]}]},{\"@type\":\"WebSite\",\"@id\":\"https:\\\/\\\/www.auberge-etable.com\\\/#website\",\"url\":\"https:\\\/\\\/www.auberge-etable.com\\\/\",\"name\":\"Hotel restaurant Pays Basque - Auberge de l&#039;\u00e9table Pays Basque\",\"description\":\"Hotel restaurant Pays Basque - Auberge de l&#039;\u00e9table Pays Basque\",\"potentialAction\":[{\"@type\":\"SearchAction\",\"target\":{\"@type\":\"EntryPoint\",\"urlTemplate\":\"https:\\\/\\\/www.auberge-etable.com\\\/?s={search_term_string}\"},\"query-input\":{\"@type\":\"PropertyValueSpecification\",\"valueRequired\":true,\"valueName\":\"search_term_string\"}}],\"inLanguage\":\"es\"},{\"@type\":\"Person\",\"@id\":\"https:\\\/\\\/www.auberge-etable.com\\\/#\\\/schema\\\/person\\\/4d2092b98695f4fcdadedfc797fabfff\",\"name\":\"Agence digitale\",\"sameAs\":[\"http:\\\/\\\/www.auberge-etable.com\"],\"url\":\"https:\\\/\\\/www.auberge-etable.com\\\/es\\\/author\\\/admin-gedone\\\/\"}]}<\/script>\n<!-- \/ Yoast SEO plugin. -->","yoast_head_json":{"title":"Paquete de seminario semirresidencial - Hotel restaurant Pays Basque - Auberge de l&#039;\u00e9table Pays Basque","description":"Forfait s\u00e9minaire semi-r\u00e9sidentiel \u00b7 Caf\u00e9 d\u2019accueil \u00b7 Location salon am\u00e9nag\u00e9 \u00b7 2 pauses (caf\u00e9, jus de fruits, viennoiseries) \u00b7 1 repas (entr\u00e9e + plat +","robots":{"index":"index","follow":"follow","max-snippet":"max-snippet:-1","max-image-preview":"max-image-preview:large","max-video-preview":"max-video-preview:-1"},"canonical":"https:\/\/www.auberge-etable.com\/es\/forfait-seminaire-semi-residentiel\/","og_locale":"es_ES","og_type":"article","og_title":"Paquete de seminario semirresidencial - Hotel restaurant Pays Basque - Auberge de l&#039;\u00e9table Pays Basque","og_description":"Forfait s\u00e9minaire semi-r\u00e9sidentiel \u00b7 Caf\u00e9 d\u2019accueil \u00b7 Location salon am\u00e9nag\u00e9 \u00b7 2 pauses (caf\u00e9, jus de fruits, viennoiseries) \u00b7 1 repas (entr\u00e9e + plat +","og_url":"https:\/\/www.auberge-etable.com\/forfait-seminaire-semi-residentiel\/","og_site_name":"Hotel restaurant Pays Basque - Auberge de l&#039;\u00e9table Pays Basque","article_published_time":"2022-12-01T16:38:30+00:00","article_modified_time":"2024-06-11T12:11:21+00:00","author":"Agence digitale","twitter_card":"summary_large_image","twitter_misc":{"Escrito por":"Agence digitale","Tiempo de lectura":"1 minuto"},"schema":{"@context":"https:\/\/schema.org","@graph":[{"@type":"Article","@id":"https:\/\/www.auberge-etable.com\/forfait-seminaire-semi-residentiel\/#article","isPartOf":{"@id":"https:\/\/www.auberge-etable.com\/forfait-seminaire-semi-residentiel\/"},"author":{"name":"Agence digitale","@id":"https:\/\/www.auberge-etable.com\/#\/schema\/person\/4d2092b98695f4fcdadedfc797fabfff"},"headline":"Paquete de seminario semirresidencial","datePublished":"2022-12-01T16:38:30+00:00","dateModified":"2024-06-11T12:11:21+00:00","mainEntityOfPage":{"@id":"https:\/\/www.auberge-etable.com\/forfait-seminaire-semi-residentiel\/"},"wordCount":74,"articleSection":["Seminarios"],"inLanguage":"es"},{"@type":"WebPage","@id":"https:\/\/www.auberge-etable.com\/forfait-seminaire-semi-residentiel\/","url":"https:\/\/www.auberge-etable.com\/forfait-seminaire-semi-residentiel\/","name":"Paquete de seminario semirresidencial - Hotel restaurant Pays Basque - Auberge de l&#039;\u00e9table Pays Basque","isPartOf":{"@id":"https:\/\/www.auberge-etable.com\/#website"},"datePublished":"2022-12-01T16:38:30+00:00","dateModified":"2024-06-11T12:11:21+00:00","author":{"@id":"https:\/\/www.auberge-etable.com\/#\/schema\/person\/4d2092b98695f4fcdadedfc797fabfff"},"description":"Forfait s\u00e9minaire semi-r\u00e9sidentiel \u00b7 Caf\u00e9 d\u2019accueil \u00b7 Location salon am\u00e9nag\u00e9 \u00b7 2 pauses (caf\u00e9, jus de fruits, viennoiseries) \u00b7 1 repas (entr\u00e9e + plat +","inLanguage":"es","potentialAction":[{"@type":"ReadAction","target":["https:\/\/www.auberge-etable.com\/forfait-seminaire-semi-residentiel\/"]}]},{"@type":"WebSite","@id":"https:\/\/www.auberge-etable.com\/#website","url":"https:\/\/www.auberge-etable.com\/","name":"Hotel restaurant Pays Basque - Auberge de l&#039;\u00e9table Pays Basque","description":"Hotel restaurant Pays Basque - Auberge de l&#039;\u00e9table Pays Basque","potentialAction":[{"@type":"SearchAction","target":{"@type":"EntryPoint","urlTemplate":"https:\/\/www.auberge-etable.com\/?s={search_term_string}"},"query-input":{"@type":"PropertyValueSpecification","valueRequired":true,"valueName":"search_term_string"}}],"inLanguage":"es"},{"@type":"Person","@id":"https:\/\/www.auberge-etable.com\/#\/schema\/person\/4d2092b98695f4fcdadedfc797fabfff","name":"Agence digitale","sameAs":["http:\/\/www.auberge-etable.com"],"url":"https:\/\/www.auberge-etable.com\/es\/author\/admin-gedone\/"}]}},"_links":{"self":[{"href":"https:\/\/www.auberge-etable.com\/es\/wp-json\/wp\/v2\/posts\/58","targetHints":{"allow":["GET"]}}],"collection":[{"href":"https:\/\/www.auberge-etable.com\/es\/wp-json\/wp\/v2\/posts"}],"about":[{"href":"https:\/\/www.auberge-etable.com\/es\/wp-json\/wp\/v2\/types\/post"}],"author":[{"embeddable":true,"href":"https:\/\/www.auberge-etable.com\/es\/wp-json\/wp\/v2\/users\/1"}],"replies":[{"embeddable":true,"href":"https:\/\/www.auberge-etable.com\/es\/wp-json\/wp\/v2\/comments?post=58"}],"version-history":[{"count":3,"href":"https:\/\/www.auberge-etable.com\/es\/wp-json\/wp\/v2\/posts\/58\/revisions"}],"predecessor-version":[{"id":747,"href":"https:\/\/www.auberge-etable.com\/es\/wp-json\/wp\/v2\/posts\/58\/revisions\/747"}],"wp:attachment":[{"href":"https:\/\/www.auberge-etable.com\/es\/wp-json\/wp\/v2\/media?parent=58"}],"wp:term":[{"taxonomy":"category","embeddable":true,"href":"https:\/\/www.auberge-etable.com\/es\/wp-json\/wp\/v2\/categories?post=58"},{"taxonomy":"post_tag","embeddable":true,"href":"https:\/\/www.auberge-etable.com\/es\/wp-json\/wp\/v2\/tags?post=58"}],"curies":[{"name":"wp","href":"https:\/\/api.w.org\/{rel}","templated":true}]}}